{"id":3442,"date":"2023-02-03T14:06:07","date_gmt":"2023-02-03T14:06:07","guid":{"rendered":"https:\/\/advancecentr.org.ua\/?p=3442"},"modified":"2023-02-28T10:18:56","modified_gmt":"2023-02-28T10:18:56","slug":"kollegaink-percsi-szilvia","status":"publish","type":"post","link":"https:\/\/advancecentr.org.ua\/hu\/kollegaink-percsi-szilvia\/","title":{"rendered":"P\u00e9rcsi Szilvia nyilatkozott a K\u00e1rp\u00e1talja.ma port\u00e1lnak"},"content":{"rendered":"\t\t<div data-elementor-type=\"wp-post\" data-elementor-id=\"3442\" class=\"elementor elementor-3442\">\n\t\t\t\t\t\t<section class=\"elementor-section elementor-top-section elementor-element elementor-element-c7448e0 elementor-section-boxed elementor-section-height-default elementor-section-height-default\" data-id=\"c7448e0\" data-element_type=\"section\">\n\t\t\t\t\t\t<div class=\"elementor-container elementor-column-gap-default\">\n\t\t\t\t\t<div class=\"elementor-column elementor-col-100 elementor-top-column elementor-element elementor-element-9cbadb0\" data-id=\"9cbadb0\" data-element_type=\"column\">\n\t\t\t<div class=\"elementor-widget-wrap elementor-element-populated\">\n\t\t\t\t\t\t<div class=\"elementor-element elementor-element-03babcb elementor-widget elementor-widget-text-editor\" data-id=\"03babcb\" data-element_type=\"widget\" data-widget_type=\"text-editor.default\">\n\t\t\t\t<div class=\"elementor-widget-container\">\n\t\t\t\t\t\t\t\t\t<p><strong>A Biztos Kezdet Gyerekh\u00e1z 2018. szeptember 27-\u00e9n kezdte meg m\u0171k\u00f6d\u00e9s\u00e9t Beregsz\u00e1szban, \u00e9s az\u00f3ta &#8211; egy r\u00f6vid kihagy\u00e1ssal &#8211; a beregsz\u00e1szi t\u00e9rs\u00e9g kisgyerekeseinek seg\u00edt\u00e9s\u00e9n munk\u00e1lkodik. A K\u00e1rp\u00e1talja.ma \u00fajs\u00e1g\u00edr\u00f3ja a projekt c\u00e9lj\u00e1r\u00f3l, a szolg\u00e1ltat\u00e1sokr\u00f3l, a seg\u00edts\u00e9gny\u00fajt\u00e1sr\u00f3l, a h\u00e1bor\u00fa okozta neh\u00e9zs\u00e9gekr\u0151l \u00e9s a megval\u00f3sul\u00f3 programokr\u00f3l k\u00e9rdezte P\u00e9rcsi Szilvi\u00e1t, a Biztos Kezdet Gyerekh\u00e1z vezet\u0151j\u00e9t.<\/strong><\/p><p>A projekt c\u00e9lja az \u00fajsz\u00fcl\u00f6tt \u00e9s kisgyerekes (0-3 \u00e9ves), szoci\u00e1lisan h\u00e1tr\u00e1nyos helyzetben l\u00e9v\u0151 csal\u00e1dok eg\u00e9szs\u00e9g\u00fcgyi helyzet\u00e9nek jav\u00edt\u00e1sa.\u00a0Szilvia elmond\u00e1sa szerint a szoci\u00e1lis h\u00e1l\u00f3 igencsak kiterjedt. El\u0151sz\u00f6r a koronav\u00edrus, jelenleg pedig a h\u00e1bor\u00fas helyzet nehez\u00edti meg a mindennapokat. Ebben a neh\u00e9z helyzetben k\u00fcl\u00f6n\u00f6sen fontos, hogy a Biztos Kezdet Gyerekh\u00e1z el\u00e9rje azokat a csal\u00e1dokat, akiknek igaz\u00e1n sz\u00fcks\u00e9g\u00fck van szolg\u00e1ltat\u00e1saik ig\u00e9nybev\u00e9tel\u00e9re. Jelenleg h\u00e1zass\u00e1gban \u00e9l\u0151 \u00e9s egyed\u00fcl\u00e1ll\u00f3 anyuk\u00e1k is j\u00e1rnak hozz\u00e1juk.\u00a0 Mint eml\u00edtette, az ingyenes szolg\u00e1ltat\u00e1sokon k\u00edv\u00fcl tan\u00e1csad\u00e1st is ny\u00fajtanak az odaj\u00e1r\u00f3 anyuk\u00e1k sz\u00e1m\u00e1ra.<\/p><p><em>\u2013 Ez azt jelenti, hogy \u00e9tkeztet\u00e9si, gyermekell\u00e1t\u00e1si, valamint prevenci\u00f3s tan\u00e1csad\u00e1ssal foglalkozunk. A HUSKROUA programon bel\u00fcl nagy seg\u00edts\u00e9gemre szolg\u00e1l, hogy vannak seg\u00e9deim: egy gyerekorvosn\u0151, aki eg\u00e9szs\u00e9g\u00fcgyi \u00e9s aktu\u00e1lis tan\u00e1csokkal l\u00e1tja el az anyuk\u00e1kat, \u00e9s van egy mozg\u00e1sfejleszt\u0151 terapeuta, aki a gyermekek mozg\u00e1skoordin\u00e1ci\u00f3j\u00e1val, fejleszt\u00e9s\u00e9vel foglalkozik. Emellett pedig a gyerekeknek t\u00e1pszert, higi\u00e9niai term\u00e9keket, pelenk\u00e1t \u00e9s egy\u00e9b sz\u00fcks\u00e9ges eszk\u00f6z\u00f6ket biztos\u00edtunk, illetve lehet\u0151s\u00e9g van mos\u00e1sra is. Vannak olyan h\u00e1ztart\u00e1sok, ahol nincs v\u00edzell\u00e1t\u00e1s, vagy nincs mos\u00f3g\u00e9p. Most az \u00e1ramkimarad\u00e1s pedig m\u00e9g jobban megnehez\u00edti a helyzetet. Itt pedig el vagyunk l\u00e1tva gener\u00e1torokkal, \u00edgy ez hatalmas seg\u00edts\u00e9get ny\u00fajt az anyuk\u00e1knak.<\/em><\/p><p>A h\u00e1bor\u00fa kit\u00f6r\u00e9sekor a Biztos Kezdet Gyerekh\u00e1z bez\u00e1rta kapuit, \u00edgy h\u00e1tt\u00e9rbe szorultak a gyermekfoglalkoz\u00e1sok. Az ottani dolgoz\u00f3k a humanit\u00e1rius seg\u00e9lyez\u00e9sre \u00e9s a menek\u00fcltek ell\u00e1t\u00e1s\u00e1ra \u00f6sszpontos\u00edtottak. Szilvia ugyanakkor elmondta, hogy a h\u00e9th\u00f3napos sz\u00fcnet alatt sem engedte el az anyuk\u00e1k kez\u00e9t. Tartott\u00e1k a kapcsolatot telefonon vagy ak\u00e1r online, \u00e9s amikor csak lehet\u0151s\u00e9g\u00fck volt, seg\u00e9lyt is biztos\u00edtottak sz\u00e1mukra.<\/p>\t\t\t\t\t\t\t\t<\/div>\n\t\t\t\t<\/div>\n\t\t\t\t\t<\/div>\n\t\t<\/div>\n\t\t\t\t\t<\/div>\n\t\t<\/section>\n\t\t\t\t<section class=\"elementor-section elementor-top-section elementor-element elementor-element-6eac4ba elementor-section-boxed elementor-section-height-default elementor-section-height-default\" data-id=\"6eac4ba\" data-element_type=\"section\">\n\t\t\t\t\t\t<div class=\"elementor-container elementor-column-gap-default\">\n\t\t\t\t\t<div class=\"elementor-column elementor-col-100 elementor-top-column elementor-element elementor-element-5319905\" data-id=\"5319905\" data-element_type=\"column\">\n\t\t\t<div class=\"elementor-widget-wrap elementor-element-populated\">\n\t\t\t\t\t\t<div class=\"elementor-element elementor-element-04a6747 elementor-widget elementor-widget-image\" data-id=\"04a6747\" data-element_type=\"widget\" data-widget_type=\"image.default\">\n\t\t\t\t<div class=\"elementor-widget-container\">\n\t\t\t\t\t\t\t\t\t\t\t\t<figure class=\"wp-caption\">\n\t\t\t\t\t\t\t\t\t\t<img fetchpriority=\"high\" decoding=\"async\" width=\"851\" height=\"496\" src=\"https:\/\/advancecentr.org.ua\/wp-content\/uploads\/2023\/02\/szilvi.jpg\" class=\"attachment-large size-large wp-image-3445\" alt=\"\" srcset=\"https:\/\/advancecentr.org.ua\/wp-content\/uploads\/2023\/02\/szilvi.jpg 851w, https:\/\/advancecentr.org.ua\/wp-content\/uploads\/2023\/02\/szilvi-300x175.jpg 300w, https:\/\/advancecentr.org.ua\/wp-content\/uploads\/2023\/02\/szilvi-768x448.jpg 768w\" sizes=\"(max-width: 851px) 100vw, 851px\" \/>\t\t\t\t\t\t\t\t\t\t\t<figcaption class=\"widget-image-caption wp-caption-text\">P\u00e9rcsi Szilvia, a Gyerekh\u00e1z vezet\u0151je<\/figcaption>\n\t\t\t\t\t\t\t\t\t\t<\/figure>\n\t\t\t\t\t\t\t\t\t<\/div>\n\t\t\t\t<\/div>\n\t\t\t\t\t<\/div>\n\t\t<\/div>\n\t\t\t\t\t<\/div>\n\t\t<\/section>\n\t\t\t\t<section class=\"elementor-section elementor-top-section elementor-element elementor-element-2e8640f elementor-section-boxed elementor-section-height-default elementor-section-height-default\" data-id=\"2e8640f\" data-element_type=\"section\">\n\t\t\t\t\t\t<div class=\"elementor-container elementor-column-gap-default\">\n\t\t\t\t\t<div class=\"elementor-column elementor-col-100 elementor-top-column elementor-element elementor-element-b19397d\" data-id=\"b19397d\" data-element_type=\"column\">\n\t\t\t<div class=\"elementor-widget-wrap elementor-element-populated\">\n\t\t\t\t\t\t<div class=\"elementor-element elementor-element-a898f86 elementor-widget elementor-widget-text-editor\" data-id=\"a898f86\" data-element_type=\"widget\" data-widget_type=\"text-editor.default\">\n\t\t\t\t<div class=\"elementor-widget-container\">\n\t\t\t\t\t\t\t\t\t<p><strong>Okt\u00f3ber 1-j\u00e9n a foglalkoz\u00e1sok \u00fajraindultak.<\/strong><\/p><p><em>\u2013 Telth\u00e1zzal \u00e9s \u00faj arcokkal kezdt\u00fck meg a programokat. Az akkori Biztos Kezdet H\u00e1z h\u00e9t csal\u00e1dja telepedett \u00e1t k\u00fclf\u00f6ldre. Az\u00f3ta \u00faj csal\u00e1dok is j\u00f6ttek.<\/em><\/p><p>A mindennapi foglalkoz\u00e1sok kapcs\u00e1n Szilvia megjegyezte, hogy megvan a m\u00e1r megszokott ritu\u00e1l\u00e9ja a dolgoknak.<\/p><p><em>\u2013 Egy\u00fctt k\u00e1v\u00e9zunk, te\u00e1zunk\u2026az anyuk\u00e1k nagyon szeretik. Ezt \u0151k iktatt\u00e1k be a mindennapokba. Kialakult egy bar\u00e1ts\u00e1g \u00e9s egy \u00f6sszekov\u00e1csol\u00f3dott csapat lett\u00fcnk. Az anyuk\u00e1k ugyanakkor mindig cser\u00e9l\u0151dnek. 10-13 anyuka, akivel egyszerre tudunk foglalkozni. A gyermekek \u00e1tlag \u00e9letkora pedig 1 \u00e9ves korig terjed jelenleg.<\/em><\/p><p><strong>Szilvia igyekszik mindig sz\u00edness\u00e9 \u00e9s v\u00e1ltozatoss\u00e1 tenni a programokat. Janu\u00e1r 30-\u00e1n egy kutyater\u00e1pi\u00e1s foglalkoz\u00e1st tartottak a Biztos Kezdet H\u00e1zban, dr. K\u00f6r\u00f6zsi Barbara belgy\u00f3gy\u00e1sz, habilit\u00e1ci\u00f3s kutyakik\u00e9pz\u0151, mozg\u00e1sterapeuta k\u00f6zrem\u0171k\u00f6d\u00e9s\u00e9vel. <\/strong><\/p>\t\t\t\t\t\t\t\t<\/div>\n\t\t\t\t<\/div>\n\t\t\t\t\t<\/div>\n\t\t<\/div>\n\t\t\t\t\t<\/div>\n\t\t<\/section>\n\t\t\t\t<section class=\"elementor-section elementor-top-section elementor-element elementor-element-b3f4417 elementor-section-boxed elementor-section-height-default elementor-section-height-default\" data-id=\"b3f4417\" data-element_type=\"section\">\n\t\t\t\t\t\t<div class=\"elementor-container elementor-column-gap-default\">\n\t\t\t\t\t<div class=\"elementor-column elementor-col-100 elementor-top-column elementor-element elementor-element-a5de3f6\" data-id=\"a5de3f6\" data-element_type=\"column\">\n\t\t\t<div class=\"elementor-widget-wrap elementor-element-populated\">\n\t\t\t\t\t\t<div class=\"elementor-element elementor-element-f3e971c elementor-widget elementor-widget-image\" data-id=\"f3e971c\" data-element_type=\"widget\" data-widget_type=\"image.default\">\n\t\t\t\t<div class=\"elementor-widget-container\">\n\t\t\t\t\t\t\t\t\t\t\t\t\t\t\t<img decoding=\"async\" width=\"1024\" height=\"597\" src=\"https:\/\/advancecentr.org.ua\/wp-content\/uploads\/2023\/02\/doxa.jpg\" class=\"attachment-large size-large wp-image-3448\" alt=\"\" srcset=\"https:\/\/advancecentr.org.ua\/wp-content\/uploads\/2023\/02\/doxa.jpg 1024w, https:\/\/advancecentr.org.ua\/wp-content\/uploads\/2023\/02\/doxa-300x175.jpg 300w, https:\/\/advancecentr.org.ua\/wp-content\/uploads\/2023\/02\/doxa-768x448.jpg 768w\" sizes=\"(max-width: 1024px) 100vw, 1024px\" \/>\t\t\t\t\t\t\t\t\t\t\t\t\t\t\t<\/div>\n\t\t\t\t<\/div>\n\t\t\t\t\t<\/div>\n\t\t<\/div>\n\t\t\t\t\t<\/div>\n\t\t<\/section>\n\t\t\t\t<section class=\"elementor-section elementor-top-section elementor-element elementor-element-46066be elementor-section-boxed elementor-section-height-default elementor-section-height-default\" data-id=\"46066be\" data-element_type=\"section\">\n\t\t\t\t\t\t<div class=\"elementor-container elementor-column-gap-default\">\n\t\t\t\t\t<div class=\"elementor-column elementor-col-100 elementor-top-column elementor-element elementor-element-1f5b61c\" data-id=\"1f5b61c\" data-element_type=\"column\">\n\t\t\t<div class=\"elementor-widget-wrap elementor-element-populated\">\n\t\t\t\t\t\t<div class=\"elementor-element elementor-element-eb37316 elementor-widget elementor-widget-text-editor\" data-id=\"eb37316\" data-element_type=\"widget\" data-widget_type=\"text-editor.default\">\n\t\t\t\t<div class=\"elementor-widget-container\">\n\t\t\t\t\t\t\t\t\t<section class=\"elementor-section elementor-top-section elementor-element elementor-element-d8f0e58 elementor-section-boxed elementor-section-height-default elementor-section-height-default\" data-id=\"d8f0e58\" data-element_type=\"section\">\n<div class=\"elementor-container elementor-column-gap-default\">\n<div class=\"elementor-column elementor-col-100 elementor-top-column elementor-element elementor-element-a61a952\" data-id=\"a61a952\" data-element_type=\"column\">\n<div class=\"elementor-widget-wrap elementor-element-populated\">\n<section class=\"elementor-section elementor-inner-section elementor-element elementor-element-43c29a7 elementor-section-boxed elementor-section-height-default elementor-section-height-default\" data-id=\"43c29a7\" data-element_type=\"section\">\n<div class=\"elementor-container elementor-column-gap-default\">\n<div class=\"elementor-column elementor-col-50 elementor-inner-column elementor-element elementor-element-2f52379\" data-id=\"2f52379\" data-element_type=\"column\">\n<div class=\"elementor-widget-wrap elementor-element-populated\">\n<div class=\"elementor-element elementor-element-67b8dd7 elementor-widget elementor-widget-text-editor\" data-id=\"67b8dd7\" data-element_type=\"widget\" data-widget_type=\"text-editor.default\">\n<div class=\"elementor-widget-container\">\n<p><em>Az Eur\u00f3pai Uni\u00f3 Biztos Kezdet Gyerekh\u00e1zak \u2013 hat\u00e1rokon \u00e1tny\u00fal\u00f3 egy\u00fcttm\u0171k\u00f6d\u00e9si programj\u00e1nak (HUSKROUA\/1901\/8.2\/0061) c\u00e9lja az \u00fajsz\u00fcl\u00f6tt \u00e9s kisgyerekes (0-3 \u00e9ves) csal\u00e1dok eg\u00e9szs\u00e9g\u00fcgyi helyzet\u00e9nek jav\u00edt\u00e1sa Beregsz\u00e1sz v\u00e1rosban \u00e9s j\u00e1r\u00e1sban. A projekt keret\u00e9ben az ADVANCE K\u00e1rp\u00e1taljai Tan\u00e1csad\u00f3 \u00e9s Fejleszt\u0151 K\u00f6zpont J\u00f3t\u00e9konys\u00e1gi Alap\u00edtv\u00e1ny a Magyar \u00d6kumenikus Seg\u00e9lyszervezettel egy\u00fcttm\u0171k\u00f6d\u00e9sben tan\u00e1csad\u00e1st ny\u00fajt a r\u00e9gi\u00f3ban \u00e9l\u0151, h\u00e1tr\u00e1nyos helyzet\u0171 csal\u00e1doknak, valamint a Magyarorsz\u00e1gon m\u00e1r sikeresen m\u0171k\u00f6d\u0151 Biztos Kezdet Gyerekh\u00e1z programszolg\u00e1ltat\u00e1sok k\u00e1rp\u00e1taljai kiterjeszt\u00e9s\u00e9n munk\u00e1lkodik.<\/em><\/p>\n<\/div>\n<\/div>\n<\/div>\n<\/div>\n<div class=\"elementor-column elementor-col-50 elementor-inner-column elementor-element elementor-element-85fe29d\" data-id=\"85fe29d\" data-element_type=\"column\">\n<div class=\"elementor-widget-wrap elementor-element-populated\">\n<div class=\"elementor-element elementor-element-326574c elementor-widget elementor-widget-image\" data-id=\"326574c\" data-element_type=\"widget\" data-widget_type=\"image.default\">\n<div class=\"elementor-widget-container\">&nbsp;<\/div>\n<\/div>\n<\/div>\n<\/div>\n<\/div>\n<\/section>\n<\/div>\n<\/div>\n<\/div>\n<\/section>\n<section class=\"elementor-section elementor-top-section elementor-element elementor-element-697f7b8 elementor-section-boxed elementor-section-height-default elementor-section-height-default\" data-id=\"697f7b8\" data-element_type=\"section\">\n<div class=\"elementor-container elementor-column-gap-default\">\n<div class=\"elementor-column elementor-col-100 elementor-top-column elementor-element elementor-element-9a1ff85\" data-id=\"9a1ff85\" data-element_type=\"column\">\n<div class=\"elementor-widget-wrap elementor-element-populated\">\n<div class=\"elementor-element elementor-element-b74a068 elementor-widget elementor-widget-text-editor\" data-id=\"b74a068\" data-element_type=\"widget\" data-widget_type=\"text-editor.default\">\n<div class=\"elementor-widget-container\">\n<p><strong>A megval\u00f3s\u00edt\u00e1s helysz\u00ednei:<\/strong>&nbsp;Ukrajn\u00e1ban Beregsz\u00e1sz, Makkosj\u00e1nosi, valamint a beregsz\u00e1szi kist\u00e9rs\u00e9g, Magyarorsz\u00e1gon Szendr\u0151, Olaszliszka \u00e9s Boldogk\u0151\u00fajfalu<br><strong>A t\u00e1mogat\u00e1s \u00f6sszege:<\/strong>&nbsp;334.284,19 EUR<br><strong>A projekt tervezett befejez\u00e9si d\u00e1tuma:<\/strong>&nbsp;2023. december 31.<br><strong>Program honlapja:<\/strong>&nbsp;<a href=\"https:\/\/huskroua-cbc.eu\/\">https:\/\/huskroua-cbc.eu\/<\/a><br><strong>Projekt azonos\u00edt\u00f3sz\u00e1ma:<\/strong>&nbsp;HUSKROUA\/1901\/8.2\/0061<\/p>\n<p class=\"x_MsoNormal\"><em><strong>A projekt az Eur\u00f3pai Uni\u00f3 t\u00e1rsfinansz\u00edroz\u00e1s\u00e1ban val\u00f3sul meg.<\/strong><\/em><\/p>\n<\/div>\n<\/div>\n<\/div>\n<\/div>\n<\/div>\n<\/section>\t\t\t\t\t\t\t\t<\/div>\n\t\t\t\t<\/div>\n\t\t\t\t\t<\/div>\n\t\t<\/div>\n\t\t\t\t\t<\/div>\n\t\t<\/section>\n\t\t\t\t<section class=\"elementor-section elementor-top-section elementor-element elementor-element-25f57f6 elementor-section-boxed elementor-section-height-default elementor-section-height-default\" data-id=\"25f57f6\" data-element_type=\"section\">\n\t\t\t\t\t\t<div class=\"elementor-container elementor-column-gap-default\">\n\t\t\t\t\t<div class=\"elementor-column elementor-col-100 elementor-top-column elementor-element elementor-element-5e76ace\" data-id=\"5e76ace\" data-element_type=\"column\">\n\t\t\t<div class=\"elementor-widget-wrap elementor-element-populated\">\n\t\t\t\t\t\t<section class=\"elementor-section elementor-inner-section elementor-element elementor-element-8f74afe elementor-section-boxed elementor-section-height-default elementor-section-height-default\" data-id=\"8f74afe\" data-element_type=\"section\">\n\t\t\t\t\t\t<div class=\"elementor-container elementor-column-gap-default\">\n\t\t\t\t\t<div class=\"elementor-column elementor-col-33 elementor-inner-column elementor-element elementor-element-af40e0f\" data-id=\"af40e0f\" data-element_type=\"column\">\n\t\t\t<div class=\"elementor-widget-wrap elementor-element-populated\">\n\t\t\t\t\t\t<div class=\"elementor-element elementor-element-6368995 elementor-absolute elementor-widget elementor-widget-image\" data-id=\"6368995\" data-element_type=\"widget\" data-settings=\"{&quot;_position&quot;:&quot;absolute&quot;}\" data-widget_type=\"image.default\">\n\t\t\t\t<div class=\"elementor-widget-container\">\n\t\t\t\t\t\t\t\t\t\t\t\t\t\t\t<img decoding=\"async\" width=\"150\" height=\"84\" src=\"https:\/\/advancecentr.org.ua\/wp-content\/uploads\/2022\/10\/Asset-1@3x-150x150-1.png\" class=\"attachment-large size-large wp-image-3386\" alt=\"\" \/>\t\t\t\t\t\t\t\t\t\t\t\t\t\t\t<\/div>\n\t\t\t\t<\/div>\n\t\t\t\t\t<\/div>\n\t\t<\/div>\n\t\t\t\t<div class=\"elementor-column elementor-col-33 elementor-inner-column elementor-element elementor-element-59d5c0f\" data-id=\"59d5c0f\" data-element_type=\"column\">\n\t\t\t<div class=\"elementor-widget-wrap elementor-element-populated\">\n\t\t\t\t\t\t<div class=\"elementor-element elementor-element-d9a6905 elementor-widget elementor-widget-image\" data-id=\"d9a6905\" data-element_type=\"widget\" data-widget_type=\"image.default\">\n\t\t\t\t<div class=\"elementor-widget-container\">\n\t\t\t\t\t\t\t\t\t\t\t\t\t\t\t<img loading=\"lazy\" decoding=\"async\" width=\"150\" height=\"150\" src=\"https:\/\/advancecentr.org.ua\/wp-content\/uploads\/2022\/10\/europai_unio_1-copy-150x150-1.png\" class=\"attachment-large size-large wp-image-3389\" alt=\"\" \/>\t\t\t\t\t\t\t\t\t\t\t\t\t\t\t<\/div>\n\t\t\t\t<\/div>\n\t\t\t\t\t<\/div>\n\t\t<\/div>\n\t\t\t\t<div class=\"elementor-column elementor-col-33 elementor-inner-column elementor-element elementor-element-65f3632\" data-id=\"65f3632\" data-element_type=\"column\">\n\t\t\t<div class=\"elementor-widget-wrap elementor-element-populated\">\n\t\t\t\t\t\t<div class=\"elementor-element elementor-element-2884e8b elementor-widget elementor-widget-image\" data-id=\"2884e8b\" data-element_type=\"widget\" data-widget_type=\"image.default\">\n\t\t\t\t<div class=\"elementor-widget-container\">\n\t\t\t\t\t\t\t\t\t\t\t\t\t\t\t<img loading=\"lazy\" decoding=\"async\" width=\"150\" height=\"150\" src=\"https:\/\/advancecentr.org.ua\/wp-content\/uploads\/2022\/01\/MOS_vertical_CMYK-150x150.png\" class=\"attachment-thumbnail size-thumbnail wp-image-3326\" alt=\"\" srcset=\"https:\/\/advancecentr.org.ua\/wp-content\/uploads\/2022\/01\/MOS_vertical_CMYK-150x150.png 150w, https:\/\/advancecentr.org.ua\/wp-content\/uploads\/2022\/01\/MOS_vertical_CMYK-300x300.png 300w, https:\/\/advancecentr.org.ua\/wp-content\/uploads\/2022\/01\/MOS_vertical_CMYK-1024x1024.png 1024w, https:\/\/advancecentr.org.ua\/wp-content\/uploads\/2022\/01\/MOS_vertical_CMYK-768x768.png 768w, https:\/\/advancecentr.org.ua\/wp-content\/uploads\/2022\/01\/MOS_vertical_CMYK-1536x1536.png 1536w, https:\/\/advancecentr.org.ua\/wp-content\/uploads\/2022\/01\/MOS_vertical_CMYK-2048x2048.png 2048w\" sizes=\"(max-width: 150px) 100vw, 150px\" \/>\t\t\t\t\t\t\t\t\t\t\t\t\t\t\t<\/div>\n\t\t\t\t<\/div>\n\t\t\t\t\t<\/div>\n\t\t<\/div>\n\t\t\t\t\t<\/div>\n\t\t<\/section>\n\t\t\t\t\t<\/div>\n\t\t<\/div>\n\t\t\t\t\t<\/div>\n\t\t<\/section>\n\t\t\t\t<\/div>\n\t\t","protected":false},"excerpt":{"rendered":"<p>A Biztos Kezdet Gyerekh\u00e1z 2018. szeptember 27-\u00e9n kezdte meg m\u0171k\u00f6d\u00e9s\u00e9t Beregsz\u00e1szban, \u00e9s az\u00f3ta &#8211; egy r\u00f6vid kihagy\u00e1ssal &#8211; a beregsz\u00e1szi t\u00e9rs\u00e9g kisgyerekeseinek seg\u00edt\u00e9s\u00e9n munk\u00e1lkodik. A K\u00e1rp\u00e1talja.ma \u00fajs\u00e1g\u00edr\u00f3ja a projekt c\u00e9lj\u00e1r\u00f3l, a szolg\u00e1ltat\u00e1sokr\u00f3l, a seg\u00edts\u00e9gny\u00fajt\u00e1sr\u00f3l, a h\u00e1bor\u00fa okozta neh\u00e9zs\u00e9gekr\u0151l \u00e9s a megval\u00f3sul\u00f3 programokr\u00f3l k\u00e9rdezte P\u00e9rcsi Szilvi\u00e1t, a Biztos Kezdet Gyerekh\u00e1z vezet\u0151j\u00e9t. A projekt c\u00e9lja az \u00fajsz\u00fcl\u00f6tt&#8230;<\/p>\n","protected":false},"author":4,"featured_media":3445,"comment_status":"open","ping_status":"open","sticky":false,"template":"","format":"standard","meta":{"_monsterinsights_skip_tracking":false,"_monsterinsights_sitenote_active":false,"_monsterinsights_sitenote_note":"","_monsterinsights_sitenote_category":0,"_kad_post_transparent":"default","_kad_post_title":"default","_kad_post_layout":"default","_kad_post_sidebar_id":"","_kad_post_content_style":"default","_kad_post_vertical_padding":"default","_kad_post_feature":"","_kad_post_feature_position":"","_kad_post_header":false,"_kad_post_footer":false,"footnotes":""},"categories":[24],"tags":[],"class_list":["post-3442","post","type-post","status-publish","format-standard","has-post-thumbnail","hentry","category-hirek-en"],"aioseo_notices":[],"_links":{"self":[{"href":"https:\/\/advancecentr.org.ua\/hu\/wp-json\/wp\/v2\/posts\/3442","targetHints":{"allow":["GET"]}}],"collection":[{"href":"https:\/\/advancecentr.org.ua\/hu\/wp-json\/wp\/v2\/posts"}],"about":[{"href":"https:\/\/advancecentr.org.ua\/hu\/wp-json\/wp\/v2\/types\/post"}],"author":[{"embeddable":true,"href":"https:\/\/advancecentr.org.ua\/hu\/wp-json\/wp\/v2\/users\/4"}],"replies":[{"embeddable":true,"href":"https:\/\/advancecentr.org.ua\/hu\/wp-json\/wp\/v2\/comments?post=3442"}],"version-history":[{"count":10,"href":"https:\/\/advancecentr.org.ua\/hu\/wp-json\/wp\/v2\/posts\/3442\/revisions"}],"predecessor-version":[{"id":3474,"href":"https:\/\/advancecentr.org.ua\/hu\/wp-json\/wp\/v2\/posts\/3442\/revisions\/3474"}],"wp:featuredmedia":[{"embeddable":true,"href":"https:\/\/advancecentr.org.ua\/hu\/wp-json\/wp\/v2\/media\/3445"}],"wp:attachment":[{"href":"https:\/\/advancecentr.org.ua\/hu\/wp-json\/wp\/v2\/media?parent=3442"}],"wp:term":[{"taxonomy":"category","embeddable":true,"href":"https:\/\/advancecentr.org.ua\/hu\/wp-json\/wp\/v2\/categories?post=3442"},{"taxonomy":"post_tag","embeddable":true,"href":"https:\/\/advancecentr.org.ua\/hu\/wp-json\/wp\/v2\/tags?post=3442"}],"curies":[{"name":"wp","href":"https:\/\/api.w.org\/{rel}","templated":true}]}}